{"id":3085,"date":"2021-12-26T20:07:05","date_gmt":"2021-12-26T19:07:05","guid":{"rendered":"http:\/\/armenier-frankfurt.de\/?p=3085"},"modified":"2021-12-26T20:07:49","modified_gmt":"2021-12-26T19:07:49","slug":"trauer-um-ali-ertem","status":"publish","type":"post","link":"https:\/\/armenier-frankfurt.de\/hy\/trauer-um-ali-ertem\/","title":{"rendered":"Trauer um Ali Ertem"},"content":{"rendered":"\n<p><img loading=\"lazy\" decoding=\"async\" class=\"alignnone  wp-image-3086\" src=\"http:\/\/armenier-frankfurt.de\/akv\/wp-content\/uploads\/2021\/12\/263314525_4841117892617863_7685281326075163232_n.jpg\" alt=\"\" width=\"389\" height=\"519\" srcset=\"https:\/\/armenier-frankfurt.de\/akv\/wp-content\/uploads\/2021\/12\/263314525_4841117892617863_7685281326075163232_n.jpg 630w, https:\/\/armenier-frankfurt.de\/akv\/wp-content\/uploads\/2021\/12\/263314525_4841117892617863_7685281326075163232_n-225x300.jpg 225w, https:\/\/armenier-frankfurt.de\/akv\/wp-content\/uploads\/2021\/12\/263314525_4841117892617863_7685281326075163232_n-450x600.jpg 450w\" sizes=\"auto, (max-width: 389px) 100vw, 389px\" \/><\/p>\n<p>Der Mitbegr\u00fcnder und Vorsitzende des Vereins der V\u00f6lkermordgegner (Soyk\u0131r\u0131m Kar\u015f\u0131tla\u0131 Derne\u011fi), ALI ERTEM, einer der unerm\u00fcdlichen K\u00e4mpfer f\u00fcr die Anerkennung des V\u00f6lkermordes<br>an den Armeniern, Assyrern, Aram\u00e4ern und Griechen im Osmanischen Reich und Mitbegr\u00fcnder ist Anfang Dezember \u00fcberraschend verstorben.<br><br>Er war einer der wenigen t\u00fcrkischst\u00e4mmigen Mitb\u00fcrger in Deutschland, welcher sich offen f\u00fcr die Aufarbeitung und Anerkennung des V\u00f6lkermordes an den Armeniern eingesetzt hat.<br>Nach dem Tod unseres Freundes Do\u011fan Akhanl\u0131 vor einigen Wochen ist dies der zweite gro\u00dfe Verlust.<br><br>1950 im Dorf geboren, schloss sich Ali Ertem bereits in jungen Jahren dem Kampf f\u00fcr Freiheit und soziale Gerechtigkeit an.<br>Auf Druck des t\u00fcrkischen Staates kam er 1964 nach Deutschland.<br>Ertem hat mit seinen Freunden am 26. September 1998 in Frankfurt den Verein der V\u00f6lkermordgegner gegr\u00fcndet.<br><br>Auf dem Foto kniet Ali mit seiner Frau respektvoll vor dem griechischen V\u00f6lkermord-Denkmal in Thessaloniki, Griechenland.<br>Wir bedanken uns f\u00fcr sein jahrelanges Engagement, bedauern seinen Verlust zutiefst und sprechen seinen Angeh\u00f6rigen, Verwandten und Freunden unser Beileid aus.<br><br>Ruhe in Frieden.<br>\u2014-<br>Vorstand des Armenischen KulturVereins in Hessen e.V.&nbsp;<\/p>\n","protected":false},"excerpt":{"rendered":"<p>Der Mitbegr\u00fcnder und Vorsitzende des Vereins der V\u00f6lkermordgegner (Soyk\u0131r\u0131m Kar\u015f\u0131tla\u0131 Derne\u011fi), ALI ERTEM, einer der unerm\u00fcdlichen K\u00e4mpfer f\u00fcr die Anerkennung des V\u00f6lkermordesan den Armeniern, Assyrern, Aram\u00e4ern und Griechen im Osmanischen Reich und Mitbegr\u00fcnder ist Anfang Dezember \u00fcberraschend verstorben. Er war einer der wenigen t\u00fcrkischst\u00e4mmigen Mitb\u00fcrger in Deutschland, welcher sich offen f\u00fcr die Aufarbeitung und Anerkennung [&hellip;]<\/p>\n","protected":false},"author":3,"featured_media":0,"comment_status":"open","ping_status":"open","sticky":false,"template":"","format":"standard","meta":{"ngg_post_thumbnail":0,"footnotes":""},"categories":[1],"tags":[],"class_list":["post-3085","post","type-post","status-publish","format-standard","hentry","category-uncategorized"],"_links":{"self":[{"href":"https:\/\/armenier-frankfurt.de\/hy\/wp-json\/wp\/v2\/posts\/3085","targetHints":{"allow":["GET"]}}],"collection":[{"href":"https:\/\/armenier-frankfurt.de\/hy\/wp-json\/wp\/v2\/posts"}],"about":[{"href":"https:\/\/armenier-frankfurt.de\/hy\/wp-json\/wp\/v2\/types\/post"}],"author":[{"embeddable":true,"href":"https:\/\/armenier-frankfurt.de\/hy\/wp-json\/wp\/v2\/users\/3"}],"replies":[{"embeddable":true,"href":"https:\/\/armenier-frankfurt.de\/hy\/wp-json\/wp\/v2\/comments?post=3085"}],"version-history":[{"count":2,"href":"https:\/\/armenier-frankfurt.de\/hy\/wp-json\/wp\/v2\/posts\/3085\/revisions"}],"predecessor-version":[{"id":3088,"href":"https:\/\/armenier-frankfurt.de\/hy\/wp-json\/wp\/v2\/posts\/3085\/revisions\/3088"}],"wp:attachment":[{"href":"https:\/\/armenier-frankfurt.de\/hy\/wp-json\/wp\/v2\/media?parent=3085"}],"wp:term":[{"taxonomy":"category","embeddable":true,"href":"https:\/\/armenier-frankfurt.de\/hy\/wp-json\/wp\/v2\/categories?post=3085"},{"taxonomy":"post_tag","embeddable":true,"href":"https:\/\/armenier-frankfurt.de\/hy\/wp-json\/wp\/v2\/tags?post=3085"}],"curies":[{"name":"wp","href":"https:\/\/api.w.org\/{rel}","templated":true}]}}